{"id":1653,"date":"2024-03-30T14:31:22","date_gmt":"2024-03-30T13:31:22","guid":{"rendered":"https:\/\/irenefrank.de\/?p=1653"},"modified":"2024-07-06T00:10:33","modified_gmt":"2024-07-05T22:10:33","slug":"sichtbarkeit","status":"publish","type":"post","link":"https:\/\/irenefrank.de\/?p=1653","title":{"rendered":"Sichtbarkeit"},"content":{"rendered":"\n<p><\/p>\n\n\n\n<p>Vielleicht kennst du das?<\/p>\n\n\n\n<ul>\n<li>Ich will gar nicht so viel von mir zeigen,<br>dann wirke ich selbstverliebt<\/li>\n\n\n\n<li>wenn ich sch\u00f6ne Fotos oder private Dinge von mir zeige &#8211; gebe ich dann an?<\/li>\n\n\n\n<li>man soll meine Arbeit oder meinen Charakter m\u00f6gen &#8211; wie ich bin, nicht mein \u00c4u\u00dferes<\/li>\n\n\n\n<li>Sichtbarkeit war vor allem f\u00fcr Frauen in fr\u00fcheren Generationen gef\u00e4hrlich, und das ist epigenetisch und kollektiv immer noch in uns verankert!!!<br><br><strong>Aber wie\u2026.<\/strong><\/li>\n\n\n\n<li>soll ich eine Verbindung zu potentiellen Klienten, neuen Bekannten oder \u201e,meinem Tribe&#8220; aufbauen, wenn ich mich nicht zeige?<\/li>\n\n\n\n<li>soll ich auf mich und meine Arbeit aufmerksam machen, in der schnellebigen Welt heutzutage?<\/li>\n\n\n\n<li>warum soll ich mich verstecken, wenn ich eine Stimme habe, und daran glaube, die Welt und andere Seelen durch Austausch zu bereichern?<br><br><strong>Darum:<\/strong><\/li>\n\n\n\n<li>zeige ich mich, auch wenn es mir schwerfallt,<\/li>\n\n\n\n<li>ich sch\u00fcchtern bin &#8211; auch mit meinen Schw\u00e4chen und Zweifeln, die manchmal aufkommen<\/li>\n\n\n\n<li>Denn: ich habe mich selbst dahin gebrach, wo ich heute bin. Ich wurde nicht mein Leben lang supportet, hatte viele schwere Zeiten &#8211; Auf den positiven Weg daraus bin ich unheimlich stolz \ud83d\ude09<\/li>\n\n\n\n<li>fordere ich alle Frauen &amp; hochsensiblen Wesen in der Community auf, sich zu zeigen- mit ihren St\u00e4rken &amp; vermeintlichen \u201eUnvollkommenenheiten&#8220; und diese zu leben! Denn wir sind Menschen, mit allen Facetten, und allen Fragen, die dazugeh\u00f6ren<\/li>\n\n\n\n<li>glaube ich an einen Wandel in der Welt, dass Heilung und Verbindung (vor allem mit uns selbst!) jeden Tag wieder von Neuem m\u00f6glich ist<\/li>\n\n\n\n<li>an Liebe, Sch\u00f6nheit &amp; Wachstum f\u00fcr die Welt!<\/li>\n\n\n\n<li>das wir einander durch Sichtbarkeit st\u00e4rken und aufrichten k\u00f6nnen, und daf\u00fcr auch hier auf dieser Welt sind<br><br>Deine Freddy<\/li>\n<\/ul>\n","protected":false},"excerpt":{"rendered":"<p>Vielleicht kennst du das?<\/p>\n","protected":false},"author":1,"featured_media":1659,"comment_status":"open","ping_status":"open","sticky":true,"template":"","format":"standard","meta":{"_acf_changed":false,"_monsterinsights_skip_tracking":false,"_monsterinsights_sitenote_active":false,"_monsterinsights_sitenote_note":"","_monsterinsights_sitenote_category":0,"footnotes":""},"categories":[1],"tags":[13,18,17,16,19,20],"acf":[],"_links":{"self":[{"href":"https:\/\/irenefrank.de\/index.php?rest_route=\/wp\/v2\/posts\/1653"}],"collection":[{"href":"https:\/\/irenefrank.de\/index.php?rest_route=\/wp\/v2\/posts"}],"about":[{"href":"https:\/\/irenefrank.de\/index.php?rest_route=\/wp\/v2\/types\/post"}],"author":[{"embeddable":true,"href":"https:\/\/irenefrank.de\/index.php?rest_route=\/wp\/v2\/users\/1"}],"replies":[{"embeddable":true,"href":"https:\/\/irenefrank.de\/index.php?rest_route=%2Fwp%2Fv2%2Fcomments&post=1653"}],"version-history":[{"count":7,"href":"https:\/\/irenefrank.de\/index.php?rest_route=\/wp\/v2\/posts\/1653\/revisions"}],"predecessor-version":[{"id":1664,"href":"https:\/\/irenefrank.de\/index.php?rest_route=\/wp\/v2\/posts\/1653\/revisions\/1664"}],"wp:featuredmedia":[{"embeddable":true,"href":"https:\/\/irenefrank.de\/index.php?rest_route=\/wp\/v2\/media\/1659"}],"wp:attachment":[{"href":"https:\/\/irenefrank.de\/index.php?rest_route=%2Fwp%2Fv2%2Fmedia&parent=1653"}],"wp:term":[{"taxonomy":"category","embeddable":true,"href":"https:\/\/irenefrank.de\/index.php?rest_route=%2Fwp%2Fv2%2Fcategories&post=1653"},{"taxonomy":"post_tag","embeddable":true,"href":"https:\/\/irenefrank.de\/index.php?rest_route=%2Fwp%2Fv2%2Ftags&post=1653"}],"curies":[{"name":"wp","href":"https:\/\/api.w.org\/{rel}","templated":true}]}}